{"id":81,"date":"2021-02-28T21:26:03","date_gmt":"2021-02-28T21:26:03","guid":{"rendered":"https:\/\/haffi.is\/wp\/?p=81"},"modified":"2023-03-27T13:50:43","modified_gmt":"2023-03-27T13:50:43","slug":"tesla-spurt-og-svarad-glosubok","status":"publish","type":"post","link":"https:\/\/haffi.is\/wp\/?p=81","title":{"rendered":"Tesla &#8211; Gl\u00f3sub\u00f3k"},"content":{"rendered":"\n<p>H\u00e9rna ver\u00f0ur \u00fdmislegur fr\u00f3\u00f0leikur um teslur.<\/p>\n\n\n\n<p><\/p>\n\n\n\n<p>H\u00e9rna er Youtube r\u00e1sin m\u00edn \u00fear sem \u00e9g hef reynt a\u00f0 henda inn \u00fdmsum myndb\u00f6ndum um b\u00edlinn og fr\u00f3\u00f0leik.<\/p>\n\n\n\n<p><a href=\"https:\/\/www.youtube.com\/user\/haffi78\">https:\/\/www.youtube.com\/user\/haffi78<\/a><\/p>\n\n\n\n<p><\/p>\n\n\n\n<p><a href=\"https:\/\/www.tesla.com\/is_is\/referral\/hafrhilmarsson78460\">https:\/\/www.tesla.com\/is_is\/referral\/hafrhilmarsson78460<\/a><\/p>\n\n\n\n<p> Ef virkni er en \u00ed gildi ( sj\u00e1 tengill a\u00f0 ofan ) \u00fe\u00e1 geturu nota\u00f0u tilv\u00edsunartengilinn minn til a\u00f0 kaupa Tesla-v\u00f6ru og f\u00e1\u00f0u inneign sem \u00fe\u00fa getur innleyst fyrir s\u00e9rver\u00f0laun.<\/p>\n\n\n\n<p><\/p>\n\n\n\n<p><\/p>\n\n\n\n<p>Reynsluakstur ? &#8211; smelltu h\u00e9r &#8211; <a href=\"https:\/\/www.tesla.com\/is_IS\/drive\">https:\/\/www.tesla.com\/is_IS\/drive<\/a><\/p>\n\n\n\n<p><\/p>\n\n\n\n<figure class=\"wp-block-image\"><img decoding=\"async\" src=\"blob:https:\/\/haffi.is\/0318bd1c-0fc3-43aa-a563-513dfddc3d99\" alt=\"Pasted Graphic.png\"\/><\/figure>\n\n\n\n<figure class=\"wp-block-image\"><img decoding=\"async\" src=\"blob:https:\/\/haffi.is\/49ad6b9b-e9c7-4cb4-8234-639de5e54e99\" alt=\"Pasted Graphic 1.png\"\/><\/figure>\n\n\n\n<p><a href=\"https:\/\/www.tesla.com\/sites\/default\/files\/pdfs\/wall-connector-eu\/tesla-32a-wall-connector-installation-manual-en-EU-v1.pdf\" data-type=\"URL\" data-id=\"https:\/\/www.tesla.com\/sites\/default\/files\/pdfs\/wall-connector-eu\/tesla-32a-wall-connector-installation-manual-en-EU-v1.pdf\">Teslu st\u00f6\u00f0 v1 &#8211; lei\u00f0beiningar<\/a>  &#8211; <\/p>\n\n\n\n<p><a href=\"https:\/\/www.tesla.com\/sites\/default\/files\/pdfs\/charging_docs\/gen_2_umc\/Gen2_Mobile_Connector_en_EU.pdf\" data-type=\"URL\" data-id=\"https:\/\/www.tesla.com\/sites\/default\/files\/pdfs\/charging_docs\/gen_2_umc\/Gen2_Mobile_Connector_en_EU.pdf\">Teslu Wall Connector V2 <\/a> &#8211; Lei\u00f0beiningar<\/p>\n\n\n\n<p><\/p>\n\n\n\n<p><\/p>\n\n\n\n<p> <\/p>\n\n\n\n<p><a href=\"https:\/\/www.tesla.com\/sites\/default\/files\/support\/charging\/Gen_3_Wall_Connector_Manual_UK.pdf\">https:\/\/www.tesla.com\/sites\/default\/files\/support\/charging\/Gen_3_Wall_Connector_Manual_UK.pdf<\/a><\/p>\n\n\n\n<p><a href=\"https:\/\/www.tesla.com\/support\/gen-3-wall-connector-power-sharing\">https:\/\/www.tesla.com\/support\/gen-3-wall-connector-power-sharing<\/a><\/p>\n\n\n\n<p>Manual um hle\u00f0slut\u00e6ki\u00f0 sem fylgir Model 3, <a href=\"https:\/\/www.tesla.com\/sites\/default\/files\/pdfs\/charging_docs\/gen_2_umc\/Gen2_Mobile_Connector_en_EU.pdf\">https:\/\/www.tesla.com\/sites\/default\/files\/pdfs\/charging_docs\/gen_2_umc\/Gen2_Mobile_Connector_en_EU.pdf<\/a><\/p>\n\n\n\n<p><\/p>\n\n\n\n<p>Mj\u00f6g g\u00f3\u00f0ur fr\u00f3\u00f0leikur um LythiumIon Battery \u00ed rafb\u00edlum<\/p>\n\n\n\n<p><a href=\"https:\/\/batteryuniversity.com\/learn\/article\/how_to_prolong_lithium_based_batteries\">https:\/\/batteryuniversity.com\/learn\/article\/how_to_prolong_lithium_based_batteries<\/a><\/p>\n\n\n\n<p><\/p>\n\n\n\n<p>Lei\u00f0beiningar sem fylgja model 3 &#8211; <\/p>\n\n\n\n<p><a href=\"https:\/\/www.tesla.com\/sites\/default\/files\/model_3_owners_manual_europe_en.pdf\">https:\/\/www.tesla.com\/sites\/default\/files\/model_3_owners_manual_europe_en.pdf<\/a><\/p>\n\n\n\n<p><\/p>\n\n\n\n<p>G\u00f3\u00f0ur listi til a\u00f0 yfir fara ef kaupa \u00e1 b\u00edll.<\/p>\n\n\n\n<p><a href=\"https:\/\/github.com\/mykeln\/teslaprep\/blob\/master\/README.md?fbclid=IwAR2RhK1pUkRHmPl1Xg7V8X1Av--yv8QOUuk5SIjZpw9WtCNp8zoddd0HPAQ\">https:\/\/github.com\/mykeln\/teslaprep\/blob\/master\/README.md?fbclid=IwAR2RhK1pUkRHmPl1Xg7V8X1Av&#8211;yv8QOUuk5SIjZpw9WtCNp8zoddd0HPAQ<\/a><\/p>\n","protected":false},"excerpt":{"rendered":"<p>H\u00e9rna ver\u00f0ur \u00fdmislegur fr\u00f3\u00f0leikur um teslur. H\u00e9rna er Youtube r\u00e1sin m\u00edn \u00fear sem \u00e9g hef reynt a\u00f0 henda inn \u00fdmsum myndb\u00f6ndum um b\u00edlinn og fr\u00f3\u00f0leik. https:\/\/www.youtube.com\/user\/haffi78 https:\/\/www.tesla.com\/is_is\/referral\/hafrhilmarsson78460 Ef virkni er en \u00ed gildi ( sj\u00e1 tengill a\u00f0 ofan ) \u00fe\u00e1 geturu nota\u00f0u tilv\u00edsunartengilinn minn til a\u00f0 kaupa Tesla-v\u00f6ru og f\u00e1\u00f0u inneign sem \u00fe\u00fa getur innleyst &hellip; <a href=\"https:\/\/haffi.is\/wp\/?p=81\" class=\"more-link\">Continue reading <span class=\"screen-reader-text\">Tesla &#8211; Gl\u00f3sub\u00f3k<\/span> <span class=\"meta-nav\">&rarr;<\/span><\/a><\/p>\n","protected":false},"author":1,"featured_media":0,"comment_status":"open","ping_status":"open","sticky":false,"template":"","format":"standard","meta":{"footnotes":""},"categories":[1],"tags":[],"class_list":["post-81","post","type-post","status-publish","format-standard","hentry","category-uncategorized"],"_links":{"self":[{"href":"https:\/\/haffi.is\/wp\/index.php?rest_route=\/wp\/v2\/posts\/81","targetHints":{"allow":["GET"]}}],"collection":[{"href":"https:\/\/haffi.is\/wp\/index.php?rest_route=\/wp\/v2\/posts"}],"about":[{"href":"https:\/\/haffi.is\/wp\/index.php?rest_route=\/wp\/v2\/types\/post"}],"author":[{"embeddable":true,"href":"https:\/\/haffi.is\/wp\/index.php?rest_route=\/wp\/v2\/users\/1"}],"replies":[{"embeddable":true,"href":"https:\/\/haffi.is\/wp\/index.php?rest_route=%2Fwp%2Fv2%2Fcomments&post=81"}],"version-history":[{"count":7,"href":"https:\/\/haffi.is\/wp\/index.php?rest_route=\/wp\/v2\/posts\/81\/revisions"}],"predecessor-version":[{"id":151,"href":"https:\/\/haffi.is\/wp\/index.php?rest_route=\/wp\/v2\/posts\/81\/revisions\/151"}],"wp:attachment":[{"href":"https:\/\/haffi.is\/wp\/index.php?rest_route=%2Fwp%2Fv2%2Fmedia&parent=81"}],"wp:term":[{"taxonomy":"category","embeddable":true,"href":"https:\/\/haffi.is\/wp\/index.php?rest_route=%2Fwp%2Fv2%2Fcategories&post=81"},{"taxonomy":"post_tag","embeddable":true,"href":"https:\/\/haffi.is\/wp\/index.php?rest_route=%2Fwp%2Fv2%2Ftags&post=81"}],"curies":[{"name":"wp","href":"https:\/\/api.w.org\/{rel}","templated":true}]}}